{"id":8980,"date":"2021-06-15T17:58:24","date_gmt":"2021-06-15T15:58:24","guid":{"rendered":"https:\/\/www.chateauvirant.com\/blog\/?p=8980"},"modified":"2021-06-16T15:48:34","modified_gmt":"2021-06-16T13:48:34","slug":"ne-ratez-pas-nos-soirees-dete","status":"publish","type":"post","link":"https:\/\/www.chateauvirant.com\/blog\/ne-ratez-pas-nos-soirees-dete\/","title":{"rendered":"Ne ratez pas nos soir\u00e9es d\u2019\u00e9t\u00e9 !"},"content":{"rendered":"<p>Nous vous donnons rendez-vous pour 6 dates \u00e0 ne pas manquer.<\/p>\n<p>Tous les jeudis du mois de juillet ainsi que le dernier jeudi du mois d\u2019ao\u00fbt, venez f\u00eater l\u2019\u00e9t\u00e9 avec nous lors de belles soir\u00e9es \u00ab\u00a0d\u00eener-concert\u00a0\u00bb \u00e0 la propri\u00e9t\u00e9.<\/p>\n<p>Le d\u00eener imagin\u00e9 par notre Chef Benjamin Perrin sera compos\u00e9 d\u2019un assortiment de tapas \u00e0 partager, d\u2019une plancha individuelle au choix et d\u2019un assortiment de desserts. Une coupe de bulles et un verre de vin du domaine viendront compl\u00e9ter cette proposition.<\/p>\n<p>Cot\u00e9 concerts, 6 groupes se produiront en live acoustique pour nous faire danser et chanter tout au long du repas.<\/p>\n<p>Voil\u00e0 donc pour ces soir\u00e9es d\u2019\u00e9t\u00e9 sous le signe du plaisir, de la d\u00e9tente et du partage.<\/p>\n<p>Pour r\u00e9server, suivez ce lien : <a href=\"https:\/\/www.chateauvirant.com\/billetterie\">https:\/\/www.chateauvirant.com\/billetterie<\/a><\/p>\n<p>Ou cliquez sur le bouton ci-dessous :<\/p>\n<p><a href=\"https:\/\/www.chateauvirant.com\/billetterie\"><img decoding=\"async\" loading=\"lazy\" class=\" wp-image-8988 aligncenter\" src=\"https:\/\/www.chateauvirant.com\/blog\/wp-content\/uploads\/Capture-de\u0301cran-2021-06-16-a\u0300-15.44.48-1-300x33.png\" alt=\"\" width=\"445\" height=\"49\" srcset=\"https:\/\/www.chateauvirant.com\/blog\/wp-content\/uploads\/Capture-de\u0301cran-2021-06-16-a\u0300-15.44.48-1-300x33.png 300w, https:\/\/www.chateauvirant.com\/blog\/wp-content\/uploads\/Capture-de\u0301cran-2021-06-16-a\u0300-15.44.48-1-1024x112.png 1024w, https:\/\/www.chateauvirant.com\/blog\/wp-content\/uploads\/Capture-de\u0301cran-2021-06-16-a\u0300-15.44.48-1-768x84.png 768w, https:\/\/www.chateauvirant.com\/blog\/wp-content\/uploads\/Capture-de\u0301cran-2021-06-16-a\u0300-15.44.48-1-100x11.png 100w, https:\/\/www.chateauvirant.com\/blog\/wp-content\/uploads\/Capture-de\u0301cran-2021-06-16-a\u0300-15.44.48-1-881x96.png 881w, https:\/\/www.chateauvirant.com\/blog\/wp-content\/uploads\/Capture-de\u0301cran-2021-06-16-a\u0300-15.44.48-1-1110x121.png 1110w, https:\/\/www.chateauvirant.com\/blog\/wp-content\/uploads\/Capture-de\u0301cran-2021-06-16-a\u0300-15.44.48-1.png 1264w\" sizes=\"(max-width: 445px) 100vw, 445px\" \/><\/a><\/p>\n<h2><strong>Soir\u00e9e #1 : le 01\/07\/2021 Lola<\/strong><\/h2>\n<p>Duo acoustique pour une ambiance \u00e9lectrique. Un univers de titres revisit\u00e9s de Oasis \u00e0 Balavoine et des Beatles \u00e0 Vianney.<\/p>\n<h2><strong>Soir\u00e9e #2 : le 08\/07\/2021 Soul Motion Live<\/strong><\/h2>\n<p>Un guitare-voix masculin pour des covers internationaux \u00e9l\u00e9gants. Proposition tr\u00e8s large de Michael Jackson \u00e0 Bob Sinclar en passant par Alicia Keys ou Gnarls Barkley.<\/p>\n<h2><strong>Soir\u00e9e #3 : le 15\/07\/2021 Duo L&amp;L<\/strong><\/h2>\n<p>Duo au f\u00e9minin, l\u2019une au piano et l\u2019autre au chant pour des reprises \u00e9l\u00e9gantes des plus grands standards des musiques Jazz et Pop d\u2019hier et d\u2019aujourd\u2019hui.<\/p>\n<h2><strong>Soir\u00e9e #4 : le 22\/07\/2021 Spanky&amp;Bald<\/strong><\/h2>\n<p>De la guitare et du chant au service d\u2019un tr\u00e8s gros r\u00e9pertoire tr\u00e8s \u00e9clectique. Grosse \u00e9nergie et bonne humeur pour cette formation originaire de Marseille.<\/p>\n<h2><strong>Soir\u00e9e #5 : le 29\/07\/2021 Matisse<\/strong><\/h2>\n<p>Convivialit\u00e9 et interaction seront tr\u00e8s certainement au rendez-vous avec ce duo mixte proposant la revisite de 50 ann\u00e9es de vari\u00e9t\u00e9s fran\u00e7aises et internationales.<\/p>\n<h2><strong>Soir\u00e9e #6 : le 26\/08\/2021 So What<\/strong><\/h2>\n<p>Compos\u00e9e de 7 musiciens, cette formation revisitera\u00a0les grands standards de la\u00a0Soul et du Funk de mani\u00e8re assur\u00e9ment jazzy. Groove et puissance rythmique pour une ambiance r\u00e9ussie.<\/p>\n<p><a href=\"https:\/\/www.chateauvirant.com\/billetterie\"><img decoding=\"async\" loading=\"lazy\" class=\" wp-image-8988 aligncenter\" src=\"https:\/\/www.chateauvirant.com\/blog\/wp-content\/uploads\/Capture-de\u0301cran-2021-06-16-a\u0300-15.44.48-1-300x33.png\" alt=\"\" width=\"445\" height=\"49\" srcset=\"https:\/\/www.chateauvirant.com\/blog\/wp-content\/uploads\/Capture-de\u0301cran-2021-06-16-a\u0300-15.44.48-1-300x33.png 300w, https:\/\/www.chateauvirant.com\/blog\/wp-content\/uploads\/Capture-de\u0301cran-2021-06-16-a\u0300-15.44.48-1-1024x112.png 1024w, https:\/\/www.chateauvirant.com\/blog\/wp-content\/uploads\/Capture-de\u0301cran-2021-06-16-a\u0300-15.44.48-1-768x84.png 768w, https:\/\/www.chateauvirant.com\/blog\/wp-content\/uploads\/Capture-de\u0301cran-2021-06-16-a\u0300-15.44.48-1-100x11.png 100w, https:\/\/www.chateauvirant.com\/blog\/wp-content\/uploads\/Capture-de\u0301cran-2021-06-16-a\u0300-15.44.48-1-881x96.png 881w, https:\/\/www.chateauvirant.com\/blog\/wp-content\/uploads\/Capture-de\u0301cran-2021-06-16-a\u0300-15.44.48-1-1110x121.png 1110w, https:\/\/www.chateauvirant.com\/blog\/wp-content\/uploads\/Capture-de\u0301cran-2021-06-16-a\u0300-15.44.48-1.png 1264w\" sizes=\"(max-width: 445px) 100vw, 445px\" \/><\/a><\/p>\n","protected":false},"excerpt":{"rendered":"<p>Nous vous donnons rendez-vous pour 6 dates \u00e0 ne pas manquer. Tous les jeudis du mois de juillet ainsi que le dernier jeudi du mois d\u2019ao\u00fbt, venez f\u00eater l\u2019\u00e9t\u00e9 avec nous lors de belles soir\u00e9es \u00ab\u00a0d\u00eener-concert\u00a0\u00bb \u00e0 la propri\u00e9t\u00e9. Le d\u00eener imagin\u00e9 par notre Chef Benjamin Perrin sera compos\u00e9 d\u2019un assortiment de tapas \u00e0 partager, d\u2019une plancha individuelle au choix &#8230; <\/p>\n<div><a href=\"https:\/\/www.chateauvirant.com\/blog\/ne-ratez-pas-nos-soirees-dete\/\" class=\"more-link\">Lire la suite<\/a><\/div>\n","protected":false},"author":2,"featured_media":8982,"comment_status":"closed","ping_status":"closed","sticky":false,"template":"","format":"standard","meta":{"footnotes":"","wds_primary_category":0},"categories":[14],"_links":{"self":[{"href":"https:\/\/www.chateauvirant.com\/blog\/wp-json\/wp\/v2\/posts\/8980"}],"collection":[{"href":"https:\/\/www.chateauvirant.com\/blog\/wp-json\/wp\/v2\/posts"}],"about":[{"href":"https:\/\/www.chateauvirant.com\/blog\/wp-json\/wp\/v2\/types\/post"}],"author":[{"embeddable":true,"href":"https:\/\/www.chateauvirant.com\/blog\/wp-json\/wp\/v2\/users\/2"}],"replies":[{"embeddable":true,"href":"https:\/\/www.chateauvirant.com\/blog\/wp-json\/wp\/v2\/comments?post=8980"}],"version-history":[{"count":5,"href":"https:\/\/www.chateauvirant.com\/blog\/wp-json\/wp\/v2\/posts\/8980\/revisions"}],"predecessor-version":[{"id":8990,"href":"https:\/\/www.chateauvirant.com\/blog\/wp-json\/wp\/v2\/posts\/8980\/revisions\/8990"}],"wp:featuredmedia":[{"embeddable":true,"href":"https:\/\/www.chateauvirant.com\/blog\/wp-json\/wp\/v2\/media\/8982"}],"wp:attachment":[{"href":"https:\/\/www.chateauvirant.com\/blog\/wp-json\/wp\/v2\/media?parent=8980"}],"wp:term":[{"taxonomy":"category","embeddable":true,"href":"https:\/\/www.chateauvirant.com\/blog\/wp-json\/wp\/v2\/categories?post=8980"}],"curies":[{"name":"wp","href":"https:\/\/api.w.org\/{rel}","templated":true}]}}