{"id":9084,"date":"2022-04-21T20:48:58","date_gmt":"2022-04-21T18:48:58","guid":{"rendered":"https:\/\/www.chateauvirant.com\/blog\/?p=9084"},"modified":"2022-04-21T20:48:58","modified_gmt":"2022-04-21T18:48:58","slug":"les-evenements-de-lete-2022-a-chateau-virant","status":"publish","type":"post","link":"https:\/\/www.chateauvirant.com\/blog\/les-evenements-de-lete-2022-a-chateau-virant\/","title":{"rendered":"Les \u00e9v\u00e9nements de l&rsquo;\u00e9t\u00e9 2022 \u00e0 Ch\u00e2teau Virant"},"content":{"rendered":"<p>En cette p\u00e9riode printani\u00e8re, les \u00e9quipes de Ch\u00e2teau Virant mettent en place les \u00e9v\u00e9nements qui marqueront l\u2019\u00e9t\u00e9 2022.<\/p>\n<h2>Les soir\u00e9es d&rsquo;\u00e9t\u00e9<\/h2>\n<p>Tout d\u2019abord il y aura <strong>Les Soir\u00e9es d\u2019Et\u00e9<\/strong> qui, fortes de leur succ\u00e8s de l\u2019an dernier, seront reconduites.<\/p>\n<p>Pour cette deuxi\u00e8me \u00e9dition, l\u2019accent sera mis davantage sur le partage et la convivialit\u00e9. Place \u00e0 la musique live, \u00e0 la simplicit\u00e9, aux planches de fromages et de charcuteries et bien entendu aux plus belles cuv\u00e9es du domaine.<\/p>\n<p>Rendez-vous le 23\/06 , le 30\/06, le 07\/07 , le 21\/07 et le 28\/07 de 19h00 \u00e0 23h00)<\/p>\n<p><a href=\"https:\/\/www.chateauvirant.com\/billetterie\"><img decoding=\"async\" loading=\"lazy\" class=\"wp-image-9086  aligncenter\" src=\"https:\/\/www.chateauvirant.com\/blog\/wp-content\/uploads\/Plus-dinfos-2-e1650566662404-300x116.png\" alt=\"Plus d'infos\" width=\"170\" height=\"66\" srcset=\"https:\/\/www.chateauvirant.com\/blog\/wp-content\/uploads\/Plus-dinfos-2-e1650566662404-300x116.png 300w, https:\/\/www.chateauvirant.com\/blog\/wp-content\/uploads\/Plus-dinfos-2-e1650566662404-100x39.png 100w, https:\/\/www.chateauvirant.com\/blog\/wp-content\/uploads\/Plus-dinfos-2-e1650566662404.png 723w\" sizes=\"(max-width: 170px) 100vw, 170px\" \/><\/a><\/p>\n<h2>Les Musicales dans les Vignes de Provence<\/h2>\n<p>Il y aura aussi <a href=\"http:\/\/lesmusicalesdanslesvignes.blogspot.com\">Les Musicales dans les Vignes de Provence<\/a>. En effet, Ch\u00e2teau Virant accueillera 2 dates de ce magnifique festival et fera place aux 500 transats rose fuchsia qui en sont devenus le symbole. Deux programmations tr\u00e8s color\u00e9es seront donc propos\u00e9es, l\u2019une emm\u00e8nera les spectateurs du c\u00f4t\u00e9 des Antilles et l\u2019autre aux fronti\u00e8res de l\u2019Europe de l\u2019Est.<\/p>\n<p>Lundi 25 juillet 2022 de 19h00 \u00e0 22h30\u00a0: Groupe Piel Canela (musique cubaine)<\/p>\n<p>Mardi 09 ao\u00fbt 2022 de 19h00 \u00e0 22h30\u00a0: Groupe Basilic Swing (jazz manouche &#8211; musique tzigane)<\/p>\n<h2>Les ateliers d\u00e9gustation<\/h2>\n<p>Ensuite, les amateurs et passionn\u00e9s de vin ne seront pas oubli\u00e9s. Des ateliers d\u00e9gustation seront propos\u00e9s et anim\u00e9s par Charlotte. Fra\u00eechement dipl\u00f4m\u00e9e, elle a rejoint le clan familial pour mettre ses connaissances d\u2019\u0153nologue et d\u2019ing\u00e9nieure agronome au service de sa famille et de Ch\u00e2teau Virant.<\/p>\n<p>Atelier d\u00e9gustation Les Ar\u00f4mes du vin le 05 juillet de 19h30 \u00e0 21h00 : <em>Le vin foisonne de senteurs : fruit\u00e9, bois\u00e9, agrume, vanill\u00e9, puissant, l\u00e9ger, \u2026 Apprenez \u00e0 structurer votre m\u00e9moire olfactive gr\u00e2ce \u00e0 cet atelier et sachez d\u00e9crire un vin de mani\u00e8re plus pr\u00e9cise.<\/em><\/p>\n<p>Atelier d\u00e9gustation Les cl\u00e9s de la d\u00e9gustation du blanc le 19 juillet de 19h30 \u00e0 21h00 : <em>A l\u2019ap\u00e9ritif ou \u00e0 table, vif ou rond, fruit\u00e9 ou bois\u00e9, le vin blanc propose une myriade de d\u00e9clinaisons sensorielles. Avec cet atelier, venez d\u00e9couvrir, comprendre et analyser les blancs sous toutes leurs coutures. <\/em><\/p>\n<p>Atelier d\u00e9gustation Les cl\u00e9s de la d\u00e9gustation du ros\u00e9 le 26 juillet de 19h30 \u00e0 21h00 : <em>Le ros\u00e9 est le vin id\u00e9al pour un ap\u00e9ritif d&rsquo;\u00e9t\u00e9&#8230; et tellement plus si affinit\u00e9 ! Avec cet atelier, apprenez \u00e0 d\u00e9guster ce vin, en acqu\u00e9rant des r\u00e9f\u00e9rences organoleptiques. <\/em><\/p>\n<p>Atelier d\u00e9gustation Les cl\u00e9s de la d\u00e9gustation du rouge le 02 ao\u00fbt de 19h30 \u00e0 21h00 : <em>Le rouge est le vin de grande occasion mais aussi le vin de la grillade d&rsquo;\u00e9t\u00e9, et de plus en plus, le vin d&rsquo;ap\u00e9ritif. Familiarisez-vous avec ce vin riche en flaveurs.<\/em><\/p>\n<p><a href=\"https:\/\/www.chateauvirant.com\/billetterie\"><img decoding=\"async\" loading=\"lazy\" class=\"wp-image-9087 aligncenter\" src=\"https:\/\/www.chateauvirant.com\/blog\/wp-content\/uploads\/Plus-dinfos-3-e1650566786604-300x127.png\" alt=\"R\u00e9server\" width=\"170\" height=\"72\" srcset=\"https:\/\/www.chateauvirant.com\/blog\/wp-content\/uploads\/Plus-dinfos-3-e1650566786604-300x127.png 300w, https:\/\/www.chateauvirant.com\/blog\/wp-content\/uploads\/Plus-dinfos-3-e1650566786604-100x42.png 100w, https:\/\/www.chateauvirant.com\/blog\/wp-content\/uploads\/Plus-dinfos-3-e1650566786604.png 648w\" sizes=\"(max-width: 170px) 100vw, 170px\" \/><\/a><\/p>\n<h2>Virant en Sc\u00e8ne<\/h2>\n<p>Pour le plus gros \u00e9v\u00e9nement de l\u2019\u00e9t\u00e9, c\u2019est assur\u00e9ment la date du samedi 30 juillet 2022 qu\u2019il faut retenir. En effet, apr\u00e8s avoir accueilli Patrick Bruel l\u2019ann\u00e9e derni\u00e8re, toujours dans le cadre de Virant en Sc\u00e8ne, cette fois-ci c\u2019est la joyeuse \u00e9quipe des ann\u00e9es 80 qui posera ses valises au domaine pour une \u00e9tape de leur tourn\u00e9e estivale. Alors pour chanter et danser sur les plus grands tubes des ann\u00e9es 80 et passer une soir\u00e9e concert exceptionnelle, une fois de plus BIENVENUE A CHATEAU VIRANT\u00a0!<\/p>\n<p><a href=\"https:\/\/www.chateauvirant.com\/les-annees-80-tournee-virant-a-lancon-30072022.html\"><img decoding=\"async\" loading=\"lazy\" class=\"aligncenter wp-image-9087\" src=\"https:\/\/www.chateauvirant.com\/blog\/wp-content\/uploads\/Plus-dinfos-3-e1650566786604-300x127.png\" alt=\"R\u00e9server\" width=\"170\" height=\"72\" srcset=\"https:\/\/www.chateauvirant.com\/blog\/wp-content\/uploads\/Plus-dinfos-3-e1650566786604-300x127.png 300w, https:\/\/www.chateauvirant.com\/blog\/wp-content\/uploads\/Plus-dinfos-3-e1650566786604-100x42.png 100w, https:\/\/www.chateauvirant.com\/blog\/wp-content\/uploads\/Plus-dinfos-3-e1650566786604.png 648w\" sizes=\"(max-width: 170px) 100vw, 170px\" \/><\/a><\/p>\n<p>&nbsp;<\/p>\n","protected":false},"excerpt":{"rendered":"<p>En cette p\u00e9riode printani\u00e8re, les \u00e9quipes de Ch\u00e2teau Virant mettent en place les \u00e9v\u00e9nements qui marqueront l\u2019\u00e9t\u00e9 2022. Les soir\u00e9es d&rsquo;\u00e9t\u00e9 Tout d\u2019abord il y aura Les Soir\u00e9es d\u2019Et\u00e9 qui, fortes de leur succ\u00e8s de l\u2019an dernier, seront reconduites. Pour cette deuxi\u00e8me \u00e9dition, l\u2019accent sera mis davantage sur le partage et la convivialit\u00e9. Place \u00e0 la musique live, \u00e0 la &#8230; <\/p>\n<div><a href=\"https:\/\/www.chateauvirant.com\/blog\/les-evenements-de-lete-2022-a-chateau-virant\/\" class=\"more-link\">Lire la suite<\/a><\/div>\n","protected":false},"author":2,"featured_media":9088,"comment_status":"closed","ping_status":"closed","sticky":false,"template":"","format":"standard","meta":{"footnotes":"","wds_primary_category":0},"categories":[14],"_links":{"self":[{"href":"https:\/\/www.chateauvirant.com\/blog\/wp-json\/wp\/v2\/posts\/9084"}],"collection":[{"href":"https:\/\/www.chateauvirant.com\/blog\/wp-json\/wp\/v2\/posts"}],"about":[{"href":"https:\/\/www.chateauvirant.com\/blog\/wp-json\/wp\/v2\/types\/post"}],"author":[{"embeddable":true,"href":"https:\/\/www.chateauvirant.com\/blog\/wp-json\/wp\/v2\/users\/2"}],"replies":[{"embeddable":true,"href":"https:\/\/www.chateauvirant.com\/blog\/wp-json\/wp\/v2\/comments?post=9084"}],"version-history":[{"count":1,"href":"https:\/\/www.chateauvirant.com\/blog\/wp-json\/wp\/v2\/posts\/9084\/revisions"}],"predecessor-version":[{"id":9089,"href":"https:\/\/www.chateauvirant.com\/blog\/wp-json\/wp\/v2\/posts\/9084\/revisions\/9089"}],"wp:featuredmedia":[{"embeddable":true,"href":"https:\/\/www.chateauvirant.com\/blog\/wp-json\/wp\/v2\/media\/9088"}],"wp:attachment":[{"href":"https:\/\/www.chateauvirant.com\/blog\/wp-json\/wp\/v2\/media?parent=9084"}],"wp:term":[{"taxonomy":"category","embeddable":true,"href":"https:\/\/www.chateauvirant.com\/blog\/wp-json\/wp\/v2\/categories?post=9084"}],"curies":[{"name":"wp","href":"https:\/\/api.w.org\/{rel}","templated":true}]}}